{"id":1204,"date":"2025-09-05T13:16:01","date_gmt":"2025-09-05T11:16:01","guid":{"rendered":"https:\/\/lmf.com.pl\/2025\/09\/05\/artysci-light-move-festival-2025\/"},"modified":"2025-09-18T14:52:53","modified_gmt":"2025-09-18T12:52:53","slug":"artysci-light-move-festival-2025","status":"publish","type":"post","link":"https:\/\/lmf.com.pl\/en\/2025\/09\/05\/artysci-light-move-festival-2025\/","title":{"rendered":"2D\/3D mapping, large-format projections, light installations \u2013 the artists of LMF 2025!"},"content":{"rendered":"<p>The fifteenth anniversary edition of Light.Move.Festival. is just four weeks away! This year&#8217;s event, held under the theme\u2018Returns,\u2019 is sure to surprise festival-goers \u2013 there will be plenty of new features, surprises, and returns to the best of the Festival.<\/p>\n<h4>LMF 2025 artistic programme<\/h4>\n<p>This year&#8217;s festival will feature, among other things, 2D\/3D mappings, large-format projections, animations, and numerous art installations, all of which are beloved by viewers. \u201cOnce again, \u0141\u00f3d\u017a will become the capital of light art, attracting the best visual artists from around the world,\u201d emphasises Beata Konieczniak, artistic director and creator of Light.Move.Festival. \u201cThe unique architecture of \u0141\u00f3d\u017a deserves to have its beauty and detail highlighted, and this will be taken care of by the wonderful artists invited to create the festival programme,\u201d she adds. There will also be plenty to see in \u0141\u00f3d\u017a&#8217;s parks, squares and arcades. The diversity of the works means that every viewer will be able to find something to suit their taste.<\/p>\n<p><img decoding=\"async\" class=\"aligncenter wp-image-709 size-full\" src=\"https:\/\/lmf.lukaszduda.pl\/wp-content\/uploads\/2025\/09\/Powroty-Piotrkowska-76.jpg\" alt=\"\" width=\"1891\" height=\"857\" srcset=\"https:\/\/lmf.com.pl\/wp-content\/uploads\/2025\/09\/Powroty-Piotrkowska-76.jpg 1891w, https:\/\/lmf.com.pl\/wp-content\/uploads\/2025\/09\/Powroty-Piotrkowska-76-300x136.jpg 300w, https:\/\/lmf.com.pl\/wp-content\/uploads\/2025\/09\/Powroty-Piotrkowska-76-1024x464.jpg 1024w, https:\/\/lmf.com.pl\/wp-content\/uploads\/2025\/09\/Powroty-Piotrkowska-76-768x348.jpg 768w, https:\/\/lmf.com.pl\/wp-content\/uploads\/2025\/09\/Powroty-Piotrkowska-76-1536x696.jpg 1536w\" sizes=\"(max-width: 1891px) 100vw, 1891px\" \/><\/p>\n<h4>\u0141\u00f3d\u017a monuments \u2013 a canvas for an extraordinary play of light<\/h4>\n<p>During the last weekend of September, \u0141\u00f3d\u017a&#8217;s architectural gems will once again change their appearance, all thanks to spectacular projections on buildings. The tenement house at 99 Piotrkowska Street will be illuminated by a group of visual artists from Lviv, who, drawing on tradition, will present a mapping that visualises the cycle of existence, similar to the annual cycle of seasons. The most famous street in \u0141\u00f3d\u017a will also surprise visitors at number 76, where they will see unique mappings commemorating the Festival. Leaving Piotrkowska Street, we will find ourselves at 6 Tuwima Street \u2013 a historic tenement house that will be illuminated with the help of Canadian artist Pedro Narvaez. Through images and colour, the artist will tell viewers about the unique history of the industrial boom in \u0141\u00f3d\u017a.<\/p>\n<p>LMF 2025 also marks a return to long-standing festival locations \u2013 at the Church of the Exaltation of the Holy Cross at 38 Sienkiewicza Street, Polish artist S\u0142awomir F\u0105fara will present an immersive mapping. The unique architectural detail of the \u2018\u0141\u00f3d\u017a Louvre\u2019, i.e. the Pozna\u0144ski family palace, will be highlighted by the work of the French visual artist group Spectaculaires. Its magical courtyard will be illuminated for the first time \u2013 accompanied by music composed by Micha\u0142 Kawecki, a moving story will be presented graphically by the Bulgarian visual artists MP-Studio.<\/p>\n<p>Festival-goers will also be treated to large-format projections. German artist Claudia Reh will bring the old trees of Staromiejski Park to life with references to Polish cinema, while Polish group Liquidacje will breathe new energy into the greenery of Sienkiewicza Park, transforming the tree crowns into three-dimensional images. The Hungarian group F\u00e9nysz\u00f3r\u00f3 will create the first ever 360-degree projection at Plac Wolno\u015bci, transporting viewers to the underwater world of the avant-garde. The artists will also \u2018colour\u2019 Piotrkowska Street from numbers 1 to 5. Polish visual artist Ari Dykier will introduce viewers to the world of dreams and symbols in his original style, emphasising the importance of technology in the development of \u0141\u00f3d\u017a.<\/p>\n<p><img decoding=\"async\" class=\"aligncenter wp-image-736 size-full\" src=\"https:\/\/lmf.lukaszduda.pl\/wp-content\/uploads\/2025\/09\/2a.jpg\" alt=\"\" width=\"1543\" height=\"2160\" srcset=\"https:\/\/lmf.com.pl\/wp-content\/uploads\/2025\/09\/2a.jpg 1543w, https:\/\/lmf.com.pl\/wp-content\/uploads\/2025\/09\/2a-214x300.jpg 214w, https:\/\/lmf.com.pl\/wp-content\/uploads\/2025\/09\/2a-731x1024.jpg 731w, https:\/\/lmf.com.pl\/wp-content\/uploads\/2025\/09\/2a-768x1075.jpg 768w, https:\/\/lmf.com.pl\/wp-content\/uploads\/2025\/09\/2a-1097x1536.jpg 1097w, https:\/\/lmf.com.pl\/wp-content\/uploads\/2025\/09\/2a-1463x2048.jpg 1463w\" sizes=\"(max-width: 1543px) 100vw, 1543px\" \/><\/p>\n<h4>Art closer to people, or light art installations in urban space<\/h4>\n<p>LMF 2025 also features extraordinary spatial installations. Once again, \u0141\u00f3d\u017a&#8217;s parks, squares and passages will be filled with light artworks after dark. The Old Town Park will feature, among others, a 125-metre-long installation entitled \u2018For peace!\u2019, by Slovak artist Sedemminut, consisting of 50 two-metre figures, and a five-metre futuristic light sculpture entitled \u2018Parallel Mind\u2019 by Romanian artist Sergiu Doroftei, depicting a human head. In the immediate vicinity of the works, there will also be a huge \u2018Krosno\u2019 by Przemys\u0142aw Podolski, which will refer to the city&#8217;s textile history.<\/p>\n<p>For three evenings, Sienkiewicz Park will be transformed into a magical land that will enchant not only the youngest visitors to the LMF KIDS zone. Visitors will be able to discover, among other things, a meadow covered with luminous flowers, several-metre-high mushrooms, huge flying dragonflies, as well as over three-metre-high eyes looking around the nooks and crannies of the \u0141\u00f3d\u017a park.<\/p>\n<p>While walking around the festival area, it is also worth visiting Schiller Passage, where the multimedia installation \u2018Double Flux\u2019 by the French group Scale Collectif will be located. At Plac Komuny Paryskiej, viewers will experience an immersive performance by the Latvian group Those Guys Lighting. Their unique installation will combine laser beams, music and special effects. At Plac Wolno\u015bci, viewers will see a 13-metre-high \u2018Sun\u2019 shining brightly in the night sky. This work was created by Polish artist Jaros\u0142aw Koziara. The author will also surprise viewers at 53 Piotrkowska Street \u2013 don&#8217;t miss it!<\/p>\n<h4>See you in \u0141\u00f3d\u017a on 26-28 September (7 p.m.-midnight)!<\/h4>\n<p>Light.Move.Festival. 2025 invites you to discover the hidden side of \u0141\u00f3d\u017a in a light installation \u2013 a modern city that does not forget its identity, drawing on its own history.<\/p>\n","protected":false},"excerpt":{"rendered":"<p>The fifteenth anniversary edition of Light.Move.Festival. is just four weeks away! This year&#8217;s event, held under the theme\u2018Returns,\u2019 is sure to surprise festival-goers \u2013 there will be plenty of new features, surprises, and returns to the best of the Festival. LMF 2025 artistic programme This year&#8217;s festival will feature, among other things, 2D\/3D mappings, large-format&#8230;<\/p>\n","protected":false},"author":3,"featured_media":1205,"comment_status":"open","ping_status":"open","sticky":false,"template":"","format":"standard","meta":{"_acf_changed":false,"footnotes":""},"categories":[17],"tags":[],"class_list":["post-1204","post","type-post","status-publish","format-standard","has-post-thumbnail","hentry","category-news"],"acf":[],"yoast_head":"<!-- This site is optimized with the Yoast SEO plugin v28.4 - https:\/\/yoast.com\/product\/yoast-seo-wordpress\/ -->\n<title>2D\/3D mapping, large-format projections, light installations \u2013 the artists of LMF 2025! - LIGHT MOVE FESTIVAL<\/title>\n<meta name=\"description\" content=\"Festiwal \u015bwiat\u0142a wraca do \u0141odzi w dniach 26-28 wrze\u015bnia, by o\u015bwietli\u0107 miasto projekcjami, instalacjami i iluminacj\u0105 architektury.\" \/>\n<meta name=\"robots\" content=\"index, follow, max-snippet:-1, max-image-preview:large, max-video-preview:-1\" \/>\n<link rel=\"canonical\" href=\"https:\/\/lmf.com.pl\/en\/2025\/09\/05\/artysci-light-move-festival-2025\/\" \/>\n<meta property=\"og:locale\" content=\"en_US\" \/>\n<meta property=\"og:type\" content=\"article\" \/>\n<meta property=\"og:title\" content=\"2D\/3D mapping, large-format projections, light installations \u2013 the artists of LMF 2025! - LIGHT MOVE FESTIVAL\" \/>\n<meta property=\"og:description\" content=\"Festiwal \u015bwiat\u0142a wraca do \u0141odzi w dniach 26-28 wrze\u015bnia, by o\u015bwietli\u0107 miasto projekcjami, instalacjami i iluminacj\u0105 architektury.\" \/>\n<meta property=\"og:url\" content=\"https:\/\/lmf.com.pl\/en\/2025\/09\/05\/artysci-light-move-festival-2025\/\" \/>\n<meta property=\"og:site_name\" content=\"LIGHT MOVE FESTIVAL\" \/>\n<meta property=\"article:published_time\" content=\"2025-09-05T11:16:01+00:00\" \/>\n<meta property=\"article:modified_time\" content=\"2025-09-18T12:52:53+00:00\" \/>\n<meta property=\"og:image\" content=\"https:\/\/lmf.com.pl\/wp-content\/uploads\/2025\/09\/Cycles-KurbasPRO-Piotrkowska-99.jpg\" \/>\n\t<meta property=\"og:image:width\" content=\"2260\" \/>\n\t<meta property=\"og:image:height\" content=\"2560\" \/>\n\t<meta property=\"og:image:type\" content=\"image\/jpeg\" \/>\n<meta name=\"author\" content=\"LMF\" \/>\n<meta name=\"twitter:card\" content=\"summary_large_image\" \/>\n<meta name=\"twitter:label1\" content=\"Written by\" \/>\n\t<meta name=\"twitter:data1\" content=\"LMF\" \/>\n\t<meta name=\"twitter:label2\" content=\"Est. reading time\" \/>\n\t<meta name=\"twitter:data2\" content=\"6 minutes\" \/>\n<script type=\"application\/ld+json\" class=\"yoast-schema-graph\">{\"@context\":\"https:\\\/\\\/schema.org\",\"@graph\":[{\"@type\":\"Article\",\"@id\":\"https:\\\/\\\/lmf.com.pl\\\/en\\\/2025\\\/09\\\/05\\\/artysci-light-move-festival-2025\\\/#article\",\"isPartOf\":{\"@id\":\"https:\\\/\\\/lmf.com.pl\\\/en\\\/2025\\\/09\\\/05\\\/artysci-light-move-festival-2025\\\/\"},\"author\":{\"name\":\"LMF\",\"@id\":\"https:\\\/\\\/lmf.com.pl\\\/en\\\/#\\\/schema\\\/person\\\/8ce0438e1f5764f5c0690c8d316ed8bf\"},\"headline\":\"2D\\\/3D mapping, large-format projections, light installations \u2013 the artists of LMF 2025!\",\"datePublished\":\"2025-09-05T11:16:01+00:00\",\"dateModified\":\"2025-09-18T12:52:53+00:00\",\"mainEntityOfPage\":{\"@id\":\"https:\\\/\\\/lmf.com.pl\\\/en\\\/2025\\\/09\\\/05\\\/artysci-light-move-festival-2025\\\/\"},\"wordCount\":815,\"commentCount\":0,\"image\":{\"@id\":\"https:\\\/\\\/lmf.com.pl\\\/en\\\/2025\\\/09\\\/05\\\/artysci-light-move-festival-2025\\\/#primaryimage\"},\"thumbnailUrl\":\"https:\\\/\\\/lmf.com.pl\\\/wp-content\\\/uploads\\\/2025\\\/09\\\/Cycles-KurbasPRO-Piotrkowska-99.jpg\",\"articleSection\":[\"NEWS\"],\"inLanguage\":\"en-US\",\"potentialAction\":[{\"@type\":\"CommentAction\",\"name\":\"Comment\",\"target\":[\"https:\\\/\\\/lmf.com.pl\\\/en\\\/2025\\\/09\\\/05\\\/artysci-light-move-festival-2025\\\/#respond\"]}]},{\"@type\":\"WebPage\",\"@id\":\"https:\\\/\\\/lmf.com.pl\\\/en\\\/2025\\\/09\\\/05\\\/artysci-light-move-festival-2025\\\/\",\"url\":\"https:\\\/\\\/lmf.com.pl\\\/en\\\/2025\\\/09\\\/05\\\/artysci-light-move-festival-2025\\\/\",\"name\":\"2D\\\/3D mapping, large-format projections, light installations \u2013 the artists of LMF 2025! - LIGHT MOVE FESTIVAL\",\"isPartOf\":{\"@id\":\"https:\\\/\\\/lmf.com.pl\\\/en\\\/#website\"},\"primaryImageOfPage\":{\"@id\":\"https:\\\/\\\/lmf.com.pl\\\/en\\\/2025\\\/09\\\/05\\\/artysci-light-move-festival-2025\\\/#primaryimage\"},\"image\":{\"@id\":\"https:\\\/\\\/lmf.com.pl\\\/en\\\/2025\\\/09\\\/05\\\/artysci-light-move-festival-2025\\\/#primaryimage\"},\"thumbnailUrl\":\"https:\\\/\\\/lmf.com.pl\\\/wp-content\\\/uploads\\\/2025\\\/09\\\/Cycles-KurbasPRO-Piotrkowska-99.jpg\",\"datePublished\":\"2025-09-05T11:16:01+00:00\",\"dateModified\":\"2025-09-18T12:52:53+00:00\",\"author\":{\"@id\":\"https:\\\/\\\/lmf.com.pl\\\/en\\\/#\\\/schema\\\/person\\\/8ce0438e1f5764f5c0690c8d316ed8bf\"},\"description\":\"Festiwal \u015bwiat\u0142a wraca do \u0141odzi w dniach 26-28 wrze\u015bnia, by o\u015bwietli\u0107 miasto projekcjami, instalacjami i iluminacj\u0105 architektury.\",\"breadcrumb\":{\"@id\":\"https:\\\/\\\/lmf.com.pl\\\/en\\\/2025\\\/09\\\/05\\\/artysci-light-move-festival-2025\\\/#breadcrumb\"},\"inLanguage\":\"en-US\",\"potentialAction\":[{\"@type\":\"ReadAction\",\"target\":[\"https:\\\/\\\/lmf.com.pl\\\/en\\\/2025\\\/09\\\/05\\\/artysci-light-move-festival-2025\\\/\"]}]},{\"@type\":\"ImageObject\",\"inLanguage\":\"en-US\",\"@id\":\"https:\\\/\\\/lmf.com.pl\\\/en\\\/2025\\\/09\\\/05\\\/artysci-light-move-festival-2025\\\/#primaryimage\",\"url\":\"https:\\\/\\\/lmf.com.pl\\\/wp-content\\\/uploads\\\/2025\\\/09\\\/Cycles-KurbasPRO-Piotrkowska-99.jpg\",\"contentUrl\":\"https:\\\/\\\/lmf.com.pl\\\/wp-content\\\/uploads\\\/2025\\\/09\\\/Cycles-KurbasPRO-Piotrkowska-99.jpg\",\"width\":2260,\"height\":2560},{\"@type\":\"BreadcrumbList\",\"@id\":\"https:\\\/\\\/lmf.com.pl\\\/en\\\/2025\\\/09\\\/05\\\/artysci-light-move-festival-2025\\\/#breadcrumb\",\"itemListElement\":[{\"@type\":\"ListItem\",\"position\":1,\"name\":\"Strona g\u0142\u00f3wna\",\"item\":\"https:\\\/\\\/lmf.com.pl\\\/en\\\/festiwal-swiatla-w-lodzi\\\/\"},{\"@type\":\"ListItem\",\"position\":2,\"name\":\"2D\\\/3D mapping, large-format projections, light installations \u2013 the artists of LMF 2025!\"}]},{\"@type\":\"WebSite\",\"@id\":\"https:\\\/\\\/lmf.com.pl\\\/en\\\/#website\",\"url\":\"https:\\\/\\\/lmf.com.pl\\\/en\\\/\",\"name\":\"LIGHT MOVE FESTIVAL\",\"description\":\"\",\"potentialAction\":[{\"@type\":\"SearchAction\",\"target\":{\"@type\":\"EntryPoint\",\"urlTemplate\":\"https:\\\/\\\/lmf.com.pl\\\/en\\\/?s={search_term_string}\"},\"query-input\":{\"@type\":\"PropertyValueSpecification\",\"valueRequired\":true,\"valueName\":\"search_term_string\"}}],\"inLanguage\":\"en-US\"},{\"@type\":\"Person\",\"@id\":\"https:\\\/\\\/lmf.com.pl\\\/en\\\/#\\\/schema\\\/person\\\/8ce0438e1f5764f5c0690c8d316ed8bf\",\"name\":\"LMF\",\"image\":{\"@type\":\"ImageObject\",\"inLanguage\":\"en-US\",\"@id\":\"https:\\\/\\\/secure.gravatar.com\\\/avatar\\\/e4a7b70fdca51dbc1c30e9ead5e4149d2165940c371632b9340b0579de81f4e4?s=96&d=mm&r=g\",\"url\":\"https:\\\/\\\/secure.gravatar.com\\\/avatar\\\/e4a7b70fdca51dbc1c30e9ead5e4149d2165940c371632b9340b0579de81f4e4?s=96&d=mm&r=g\",\"contentUrl\":\"https:\\\/\\\/secure.gravatar.com\\\/avatar\\\/e4a7b70fdca51dbc1c30e9ead5e4149d2165940c371632b9340b0579de81f4e4?s=96&d=mm&r=g\",\"caption\":\"LMF\"},\"url\":\"https:\\\/\\\/lmf.com.pl\\\/en\\\/author\\\/lmf\\\/\"}]}<\/script>\n<!-- \/ Yoast SEO plugin. -->","yoast_head_json":{"title":"2D\/3D mapping, large-format projections, light installations \u2013 the artists of LMF 2025! - LIGHT MOVE FESTIVAL","description":"Festiwal \u015bwiat\u0142a wraca do \u0141odzi w dniach 26-28 wrze\u015bnia, by o\u015bwietli\u0107 miasto projekcjami, instalacjami i iluminacj\u0105 architektury.","robots":{"index":"index","follow":"follow","max-snippet":"max-snippet:-1","max-image-preview":"max-image-preview:large","max-video-preview":"max-video-preview:-1"},"canonical":"https:\/\/lmf.com.pl\/en\/2025\/09\/05\/artysci-light-move-festival-2025\/","og_locale":"en_US","og_type":"article","og_title":"2D\/3D mapping, large-format projections, light installations \u2013 the artists of LMF 2025! - LIGHT MOVE FESTIVAL","og_description":"Festiwal \u015bwiat\u0142a wraca do \u0141odzi w dniach 26-28 wrze\u015bnia, by o\u015bwietli\u0107 miasto projekcjami, instalacjami i iluminacj\u0105 architektury.","og_url":"https:\/\/lmf.com.pl\/en\/2025\/09\/05\/artysci-light-move-festival-2025\/","og_site_name":"LIGHT MOVE FESTIVAL","article_published_time":"2025-09-05T11:16:01+00:00","article_modified_time":"2025-09-18T12:52:53+00:00","og_image":[{"width":2260,"height":2560,"url":"https:\/\/lmf.com.pl\/wp-content\/uploads\/2025\/09\/Cycles-KurbasPRO-Piotrkowska-99.jpg","type":"image\/jpeg"}],"author":"LMF","twitter_card":"summary_large_image","twitter_misc":{"Written by":"LMF","Est. reading time":"6 minutes"},"schema":{"@context":"https:\/\/schema.org","@graph":[{"@type":"Article","@id":"https:\/\/lmf.com.pl\/en\/2025\/09\/05\/artysci-light-move-festival-2025\/#article","isPartOf":{"@id":"https:\/\/lmf.com.pl\/en\/2025\/09\/05\/artysci-light-move-festival-2025\/"},"author":{"name":"LMF","@id":"https:\/\/lmf.com.pl\/en\/#\/schema\/person\/8ce0438e1f5764f5c0690c8d316ed8bf"},"headline":"2D\/3D mapping, large-format projections, light installations \u2013 the artists of LMF 2025!","datePublished":"2025-09-05T11:16:01+00:00","dateModified":"2025-09-18T12:52:53+00:00","mainEntityOfPage":{"@id":"https:\/\/lmf.com.pl\/en\/2025\/09\/05\/artysci-light-move-festival-2025\/"},"wordCount":815,"commentCount":0,"image":{"@id":"https:\/\/lmf.com.pl\/en\/2025\/09\/05\/artysci-light-move-festival-2025\/#primaryimage"},"thumbnailUrl":"https:\/\/lmf.com.pl\/wp-content\/uploads\/2025\/09\/Cycles-KurbasPRO-Piotrkowska-99.jpg","articleSection":["NEWS"],"inLanguage":"en-US","potentialAction":[{"@type":"CommentAction","name":"Comment","target":["https:\/\/lmf.com.pl\/en\/2025\/09\/05\/artysci-light-move-festival-2025\/#respond"]}]},{"@type":"WebPage","@id":"https:\/\/lmf.com.pl\/en\/2025\/09\/05\/artysci-light-move-festival-2025\/","url":"https:\/\/lmf.com.pl\/en\/2025\/09\/05\/artysci-light-move-festival-2025\/","name":"2D\/3D mapping, large-format projections, light installations \u2013 the artists of LMF 2025! - LIGHT MOVE FESTIVAL","isPartOf":{"@id":"https:\/\/lmf.com.pl\/en\/#website"},"primaryImageOfPage":{"@id":"https:\/\/lmf.com.pl\/en\/2025\/09\/05\/artysci-light-move-festival-2025\/#primaryimage"},"image":{"@id":"https:\/\/lmf.com.pl\/en\/2025\/09\/05\/artysci-light-move-festival-2025\/#primaryimage"},"thumbnailUrl":"https:\/\/lmf.com.pl\/wp-content\/uploads\/2025\/09\/Cycles-KurbasPRO-Piotrkowska-99.jpg","datePublished":"2025-09-05T11:16:01+00:00","dateModified":"2025-09-18T12:52:53+00:00","author":{"@id":"https:\/\/lmf.com.pl\/en\/#\/schema\/person\/8ce0438e1f5764f5c0690c8d316ed8bf"},"description":"Festiwal \u015bwiat\u0142a wraca do \u0141odzi w dniach 26-28 wrze\u015bnia, by o\u015bwietli\u0107 miasto projekcjami, instalacjami i iluminacj\u0105 architektury.","breadcrumb":{"@id":"https:\/\/lmf.com.pl\/en\/2025\/09\/05\/artysci-light-move-festival-2025\/#breadcrumb"},"inLanguage":"en-US","potentialAction":[{"@type":"ReadAction","target":["https:\/\/lmf.com.pl\/en\/2025\/09\/05\/artysci-light-move-festival-2025\/"]}]},{"@type":"ImageObject","inLanguage":"en-US","@id":"https:\/\/lmf.com.pl\/en\/2025\/09\/05\/artysci-light-move-festival-2025\/#primaryimage","url":"https:\/\/lmf.com.pl\/wp-content\/uploads\/2025\/09\/Cycles-KurbasPRO-Piotrkowska-99.jpg","contentUrl":"https:\/\/lmf.com.pl\/wp-content\/uploads\/2025\/09\/Cycles-KurbasPRO-Piotrkowska-99.jpg","width":2260,"height":2560},{"@type":"BreadcrumbList","@id":"https:\/\/lmf.com.pl\/en\/2025\/09\/05\/artysci-light-move-festival-2025\/#breadcrumb","itemListElement":[{"@type":"ListItem","position":1,"name":"Strona g\u0142\u00f3wna","item":"https:\/\/lmf.com.pl\/en\/festiwal-swiatla-w-lodzi\/"},{"@type":"ListItem","position":2,"name":"2D\/3D mapping, large-format projections, light installations \u2013 the artists of LMF 2025!"}]},{"@type":"WebSite","@id":"https:\/\/lmf.com.pl\/en\/#website","url":"https:\/\/lmf.com.pl\/en\/","name":"LIGHT MOVE FESTIVAL","description":"","potentialAction":[{"@type":"SearchAction","target":{"@type":"EntryPoint","urlTemplate":"https:\/\/lmf.com.pl\/en\/?s={search_term_string}"},"query-input":{"@type":"PropertyValueSpecification","valueRequired":true,"valueName":"search_term_string"}}],"inLanguage":"en-US"},{"@type":"Person","@id":"https:\/\/lmf.com.pl\/en\/#\/schema\/person\/8ce0438e1f5764f5c0690c8d316ed8bf","name":"LMF","image":{"@type":"ImageObject","inLanguage":"en-US","@id":"https:\/\/secure.gravatar.com\/avatar\/e4a7b70fdca51dbc1c30e9ead5e4149d2165940c371632b9340b0579de81f4e4?s=96&d=mm&r=g","url":"https:\/\/secure.gravatar.com\/avatar\/e4a7b70fdca51dbc1c30e9ead5e4149d2165940c371632b9340b0579de81f4e4?s=96&d=mm&r=g","contentUrl":"https:\/\/secure.gravatar.com\/avatar\/e4a7b70fdca51dbc1c30e9ead5e4149d2165940c371632b9340b0579de81f4e4?s=96&d=mm&r=g","caption":"LMF"},"url":"https:\/\/lmf.com.pl\/en\/author\/lmf\/"}]}},"_links":{"self":[{"href":"https:\/\/lmf.com.pl\/en\/wp-json\/wp\/v2\/posts\/1204","targetHints":{"allow":["GET"]}}],"collection":[{"href":"https:\/\/lmf.com.pl\/en\/wp-json\/wp\/v2\/posts"}],"about":[{"href":"https:\/\/lmf.com.pl\/en\/wp-json\/wp\/v2\/types\/post"}],"author":[{"embeddable":true,"href":"https:\/\/lmf.com.pl\/en\/wp-json\/wp\/v2\/users\/3"}],"replies":[{"embeddable":true,"href":"https:\/\/lmf.com.pl\/en\/wp-json\/wp\/v2\/comments?post=1204"}],"version-history":[{"count":3,"href":"https:\/\/lmf.com.pl\/en\/wp-json\/wp\/v2\/posts\/1204\/revisions"}],"predecessor-version":[{"id":1208,"href":"https:\/\/lmf.com.pl\/en\/wp-json\/wp\/v2\/posts\/1204\/revisions\/1208"}],"wp:featuredmedia":[{"embeddable":true,"href":"https:\/\/lmf.com.pl\/en\/wp-json\/wp\/v2\/media\/1205"}],"wp:attachment":[{"href":"https:\/\/lmf.com.pl\/en\/wp-json\/wp\/v2\/media?parent=1204"}],"wp:term":[{"taxonomy":"category","embeddable":true,"href":"https:\/\/lmf.com.pl\/en\/wp-json\/wp\/v2\/categories?post=1204"},{"taxonomy":"post_tag","embeddable":true,"href":"https:\/\/lmf.com.pl\/en\/wp-json\/wp\/v2\/tags?post=1204"}],"curies":[{"name":"wp","href":"https:\/\/api.w.org\/{rel}","templated":true}]}}